{"id":2185,"date":"2019-11-07T11:44:57","date_gmt":"2019-11-07T10:44:57","guid":{"rendered":"http:\/\/https:\/\/babe.hr\/\/1193-b-a-b-e-u-vinkovcima-odrzale-multisektorski-trening-srednjeg-stupnja-za-profesionalce\/"},"modified":"2021-08-02T22:08:42","modified_gmt":"2021-08-02T20:08:42","slug":"1193-b-a-b-e-u-vinkovcima-odrzale-multisektorski-trening-srednjeg-stupnja-za-profesionalce","status":"publish","type":"post","link":"https:\/\/babe.hr\/en\/1193-b-a-b-e-u-vinkovcima-odrzale-multisektorski-trening-srednjeg-stupnja-za-profesionalce\/","title":{"rendered":"BaBe held a multi-sectoral intermediate training for professionals in Vinkovci"},"content":{"rendered":"<p>In the Great City Hall in Vinkovci, on Wednesday and Thursday (November 6th and 7th), the BaBe Association held&nbsp;<strong>&#039;Intermediate-level multi-sector training for professionals&#039;.<\/strong> <\/p>\n<p>This is the second training for experts from the police, judiciary, social services, health, education and civil society who work or can work with women victims of violence, which is carried out within the project<strong><a href=\"https:\/\/vivien-project.eu\/hr\/about-hr\/\" target=\"_blank\" rel=\"noopener\"> &#039;VIVIEN - Victim VIolence Educational Network, An educational project to improve the ability to assist women victims of violence&#039;<\/a><\/strong>(ref. cod. number 810444), which is financed from the Rights, Equality and Citizenship program of the European Union.<\/p>\n<p><img decoding=\"async\" width=\"300\" height=\"258\" src=\"http:\/\/https:\/\/babe.hr\/\/wp-content\/uploads\/2019\/11\/dva-300x258.jpg\" class=\"attachment-medium size-medium\" alt=\"\" loading=\"lazy\" \/><\/p>\n<p>After September 25th, 26th and 27th, we organized in Vinkovci <strong><a href=\"https:\/\/babe.hr\/hr\/vijesti\/1186-b-a-b-e-odrzale-trodnevni-medjusektorski-trening-u-vinkovcima\/\" target=\"_blank\" rel=\"noopener\">Basic multi-sectoral training<\/a><\/strong>, as a continuation of this model of educating experts from the system to prevent and combat gender-based violence, an interactive and highly participatory training was designed with the aim of finding concrete proposals on how to improve intersectoral cooperation among relevant stakeholders.<\/p>\n<p><img decoding=\"async\" width=\"240\" height=\"300\" src=\"http:\/\/https:\/\/babe.hr\/\/wp-content\/uploads\/2019\/11\/74566171_701190367055436_7436650733887291392_n-240x300.jpg\" class=\"attachment-medium size-medium\" alt=\"\" loading=\"lazy\" \/><\/p>\n<p>The training was prepared and led by <strong>Sandra Bencic<\/strong>.<\/p>\n<p>It was also agreed with the training participants to organize <strong>Sectoral sensitization seminars<\/strong> in their work environments to transfer newly acquired knowledge to their colleagues.&nbsp;<\/p>\n<p><img decoding=\"async\" width=\"225\" height=\"300\" src=\"http:\/\/https:\/\/babe.hr\/\/wp-content\/uploads\/2019\/11\/71892912_945307945842021_524457314053259264_n-225x300.jpg\" class=\"attachment-medium size-medium\" alt=\"\" loading=\"lazy\" \/><\/p>\n<p><img decoding=\"async\" width=\"300\" height=\"268\" src=\"http:\/\/https:\/\/babe.hr\/\/wp-content\/uploads\/2019\/11\/cetri-300x268.jpg\" class=\"attachment-medium size-medium\" alt=\"\" loading=\"lazy\" \/><\/p>\n<p><img decoding=\"async\" width=\"300\" height=\"258\" src=\"http:\/\/https:\/\/babe.hr\/\/wp-content\/uploads\/2019\/11\/dva-1-300x258.jpg\" class=\"attachment-medium size-medium\" alt=\"\" loading=\"lazy\" \/><\/p>\n<p><img decoding=\"async\" width=\"300\" height=\"190\" src=\"http:\/\/https:\/\/babe.hr\/\/wp-content\/uploads\/2019\/11\/prvi-300x190.jpg\" class=\"attachment-medium size-medium\" alt=\"\" loading=\"lazy\" \/><\/p>\n<p><img decoding=\"async\" width=\"300\" height=\"225\" src=\"http:\/\/https:\/\/babe.hr\/\/wp-content\/uploads\/2019\/11\/sesti-300x225.jpg\" class=\"attachment-medium size-medium\" alt=\"\" loading=\"lazy\" \/><img decoding=\"async\" width=\"300\" height=\"191\" src=\"http:\/\/https:\/\/babe.hr\/\/wp-content\/uploads\/2019\/11\/tri-300x191.jpg\" class=\"attachment-medium size-medium\" alt=\"\" loading=\"lazy\" \/><\/p>","protected":false},"excerpt":{"rendered":"<p>U Velikoj gradskoj vije\u0107nici u Vinkovcima, u srijedu i \u010detvrtak (6. i 7. studenog) Udruga B.a.B.e. odr\u017eala je&nbsp;'Multisektorski trening srednjeg stupnja za profesionalce'. Rije\u010d je o drugom treningu za stru\u010dnjake\/inje iz policije, pravosu\u0111a, socijalnih servisa, zdravstva, obrazovanja i civilnog dru\u0161tva koji rade ili mogu raditi sa \u017eenama \u017ertvama nasilja, koji se provodi u okviru projekta [&hellip;]<\/p>\n","protected":false},"author":1,"featured_media":2195,"comment_status":"closed","ping_status":"","sticky":false,"template":"","format":"standard","meta":{"_crdt_document":"","slim_seo":{"title":"B.a.B.e. u Vinkovcima odr\u017eale Multisektorski trening srednjeg stupnja za profesionalce - babe.hr","description":"U Velikoj gradskoj vije\u0107nici u Vinkovcima, u srijedu i \u010detvrtak (6. i 7. studenog) Udruga B.a.B.e. odr\u017eala je&nbsp; 'Multisektorski trening srednjeg stupnja za"},"iawp_total_views":0,"footnotes":""},"categories":[1],"tags":[],"class_list":["post-2185","post","type-post","status-publish","format-standard","has-post-thumbnail","hentry","category-novosti"],"meta_box":[],"_links":{"self":[{"href":"https:\/\/babe.hr\/en\/wp-json\/wp\/v2\/posts\/2185","targetHints":{"allow":["GET"]}}],"collection":[{"href":"https:\/\/babe.hr\/en\/wp-json\/wp\/v2\/posts"}],"about":[{"href":"https:\/\/babe.hr\/en\/wp-json\/wp\/v2\/types\/post"}],"author":[{"embeddable":true,"href":"https:\/\/babe.hr\/en\/wp-json\/wp\/v2\/users\/1"}],"replies":[{"embeddable":true,"href":"https:\/\/babe.hr\/en\/wp-json\/wp\/v2\/comments?post=2185"}],"version-history":[{"count":1,"href":"https:\/\/babe.hr\/en\/wp-json\/wp\/v2\/posts\/2185\/revisions"}],"predecessor-version":[{"id":2194,"href":"https:\/\/babe.hr\/en\/wp-json\/wp\/v2\/posts\/2185\/revisions\/2194"}],"wp:featuredmedia":[{"embeddable":true,"href":"https:\/\/babe.hr\/en\/wp-json\/wp\/v2\/media\/2195"}],"wp:attachment":[{"href":"https:\/\/babe.hr\/en\/wp-json\/wp\/v2\/media?parent=2185"}],"wp:term":[{"taxonomy":"category","embeddable":true,"href":"https:\/\/babe.hr\/en\/wp-json\/wp\/v2\/categories?post=2185"},{"taxonomy":"post_tag","embeddable":true,"href":"https:\/\/babe.hr\/en\/wp-json\/wp\/v2\/tags?post=2185"}],"curies":[{"name":"wp","href":"https:\/\/api.w.org\/{rel}","templated":true}]}}