{"id":2210,"date":"2019-11-26T10:13:31","date_gmt":"2019-11-26T09:13:31","guid":{"rendered":"http:\/\/https:\/\/babe.hr\/\/1198-strucni-skup-unapredenje-polozaja-zrtve-nasilja-u-obitelji\/"},"modified":"2021-08-02T22:08:59","modified_gmt":"2021-08-02T20:08:59","slug":"1198-strucni-skup-unapredenje-polozaja-zrtve-nasilja-u-obitelji","status":"publish","type":"post","link":"https:\/\/babe.hr\/en\/1198-strucni-skup-unapredenje-polozaja-zrtve-nasilja-u-obitelji\/","title":{"rendered":"Stru\u010dni skup \"Unapre\u0111enje polo\u017eaja \u017ertve nasilja u obitelji\""},"content":{"rendered":"<p style=\"text-align: justify\">U ponedjeljak, 25. studenog, u prostorijama Policijske akademije u Zagrebu odr\u017ean je stru\u010dni skup pod nazivom \"Unaprje\u0111enje polo\u017eaja \u017ertve nasilja u obitelji\". Ministarstvo unutarnjih poslova time je obilje\u017eilo Me\u0111unarodni dan borbe protiv nasilja nad \u017eenama &ndash; dan posve\u0107en senzibilizaciji javnosti za globalni problem rodno uvjetovanog nasilja te ja\u010danju odlu\u010dnosti \u017eena da prijave nasilje kako bi pomogle ne samo sebi, ve\u0107 i svim drugim \u017eenama koje se susre\u0107u s tim problemom.<\/p>\n<p style=\"text-align: justify\"><img decoding=\"async\" width=\"225\" height=\"300\" src=\"http:\/\/https:\/\/babe.hr\/\/wp-content\/uploads\/2019\/11\/img_20191125_102036-225x300.jpg\" class=\"attachment-medium size-medium\" alt=\"\" loading=\"lazy\" \/><\/p>\n<p style=\"text-align: justify\">Ovaj me\u0111usektorski skup okupio je stru\u010dnjake\/inje iz razli\u010ditih podru\u010dja prevencije i suzbijanja rodno uvjetovanog nasilja, a govorile\/i su: Anita Matijevi\u0107 ispred Ministarstva unutarnjih poslova, Tatjana Katki\u0107 Stani\u0107 ispred Ministarstva za demografiju, obitelj, mlade i socijalnu politiku, Maida Pamukovi\u0107 ispred Ministarstva pravosu\u0111a, Danijela \u0160timac Grbi\u0107, voditeljica Odjela za mentalno zdravlje i prevenciju ovisnosti u Hrvatskom zavodu za javno zdravstvo, Darko Tot ispred Ministarstva znanosti i obrazovanja, Svjetlana Kne\u017eevi\u0107 iz Udruge B.a.B.e. te Sandra Turkanovi\u0107 i Mateja Buba\u0161 iz \u017denske grupe Korak Karlovac.&nbsp;<\/p>\n<p style=\"text-align: justify\"><img decoding=\"async\" width=\"300\" height=\"225\" src=\"http:\/\/https:\/\/babe.hr\/\/wp-content\/uploads\/2019\/11\/img_20191125_102012-300x225.jpg\" class=\"attachment-medium size-medium\" alt=\"\" loading=\"lazy\" \/><\/p>\n<p style=\"text-align: justify\">Sudionici\/e skupa podijelili\/e su svoja \u010desto komplementarna znanja i iskustva u radu sa \u017ertvama obiteljskog nasilja. Iako svaki sektor podrazumijeva specifi\u010dne probleme i metode, na skupu je jednoglasno zaklju\u010deno kako je potrebno graditi sna\u017enu me\u0111usektorsku suradnju i interdisciplinaran pristup pru\u017eanju podr\u0161ke \u017ertvama obiteljskog nasilja.<\/p>\n<p style=\"text-align: justify\"><img decoding=\"async\" width=\"225\" height=\"300\" src=\"http:\/\/https:\/\/babe.hr\/\/wp-content\/uploads\/2019\/11\/img_20191125_124307-225x300.jpg\" class=\"attachment-medium size-medium\" alt=\"\" loading=\"lazy\" \/><\/p>","protected":false},"excerpt":{"rendered":"<p>U ponedjeljak, 25. studenog, u prostorijama Policijske akademije u Zagrebu odr\u017ean je stru\u010dni skup pod nazivom \"Unaprje\u0111enje polo\u017eaja \u017ertve nasilja u obitelji\". Ministarstvo unutarnjih poslova time je obilje\u017eilo Me\u0111unarodni dan borbe protiv nasilja nad \u017eenama &ndash; dan posve\u0107en senzibilizaciji javnosti za globalni problem rodno uvjetovanog nasilja te ja\u010danju odlu\u010dnosti \u017eena da prijave nasilje kako bi [&hellip;]<\/p>\n","protected":false},"author":1,"featured_media":2215,"comment_status":"closed","ping_status":"","sticky":false,"template":"","format":"standard","meta":{"_crdt_document":"","slim_seo":{"title":"Stru\u010dni skup \"Unapre\u0111enje polo\u017eaja \u017ertve nasilja u obitelji\" - babe.hr","description":"U ponedjeljak, 25. studenog, u prostorijama Policijske akademije u Zagrebu odr\u017ean je stru\u010dni skup pod nazivom \"Unaprje\u0111enje polo\u017eaja \u017ertve nasilja u obitelji\"."},"iawp_total_views":0,"footnotes":""},"categories":[1],"tags":[],"class_list":["post-2210","post","type-post","status-publish","format-standard","has-post-thumbnail","hentry","category-novosti"],"meta_box":[],"_links":{"self":[{"href":"https:\/\/babe.hr\/en\/wp-json\/wp\/v2\/posts\/2210","targetHints":{"allow":["GET"]}}],"collection":[{"href":"https:\/\/babe.hr\/en\/wp-json\/wp\/v2\/posts"}],"about":[{"href":"https:\/\/babe.hr\/en\/wp-json\/wp\/v2\/types\/post"}],"author":[{"embeddable":true,"href":"https:\/\/babe.hr\/en\/wp-json\/wp\/v2\/users\/1"}],"replies":[{"embeddable":true,"href":"https:\/\/babe.hr\/en\/wp-json\/wp\/v2\/comments?post=2210"}],"version-history":[{"count":1,"href":"https:\/\/babe.hr\/en\/wp-json\/wp\/v2\/posts\/2210\/revisions"}],"predecessor-version":[{"id":2214,"href":"https:\/\/babe.hr\/en\/wp-json\/wp\/v2\/posts\/2210\/revisions\/2214"}],"wp:featuredmedia":[{"embeddable":true,"href":"https:\/\/babe.hr\/en\/wp-json\/wp\/v2\/media\/2215"}],"wp:attachment":[{"href":"https:\/\/babe.hr\/en\/wp-json\/wp\/v2\/media?parent=2210"}],"wp:term":[{"taxonomy":"category","embeddable":true,"href":"https:\/\/babe.hr\/en\/wp-json\/wp\/v2\/categories?post=2210"},{"taxonomy":"post_tag","embeddable":true,"href":"https:\/\/babe.hr\/en\/wp-json\/wp\/v2\/tags?post=2210"}],"curies":[{"name":"wp","href":"https:\/\/api.w.org\/{rel}","templated":true}]}}