{"id":2233,"date":"2019-12-18T10:22:04","date_gmt":"2019-12-18T09:22:04","guid":{"rendered":"http:\/\/https:\/\/babe.hr\/\/1205-javna-rasprava-prepreke-ostvarivanja-prava-na-rad-u-osijeku\/"},"modified":"2021-08-02T22:09:18","modified_gmt":"2021-08-02T20:09:18","slug":"1205-javna-rasprava-prepreke-ostvarivanja-prava-na-rad-u-osijeku","status":"publish","type":"post","link":"https:\/\/babe.hr\/en\/1205-javna-rasprava-prepreke-ostvarivanja-prava-na-rad-u-osijeku\/","title":{"rendered":"Javna rasprava \"Prepreke ostvarivanja prava na rad\" u Osijeku"},"content":{"rendered":"<p>Dana 10. prosinca 2019. godine u Osijeku smo sudjelovale na javnoj raspravi \"Prepreke ostvarivanja prava na rad\" koju je u okviru projekta \"POKRENI\" organizirala \u017denska udruga \"Izvor\" iz Tenje u partnerstvu s Udrugom gluhoslijepih osoba Grada Osijeka i Osje\u010dko-baranjske \u017eupanije i Grada Osijeka.<\/p>\n<p>Nakon pozdravnih rije\u010di predsjednice \u017denske udruge \"Izvor\" Mirjane Herceg i moderatorice javne rasprave Ksenije \u010cugalj, Nikolina Zec iz \u017denske udruge \"Izvor\" predstavila je provedbu projekta \"POKRENI\", dr. sc. Silvija Ru\u010devi\u0107&nbsp; i Mirta Ringsmuth predstavile su rezultate fokusnih grupa na temu pote\u0161ko\u0107a pri zapo\u0161ljavanju, Vi\u0161nja Ljubi\u010di\u0107, pravobraniteljica za ravnopravnost spolova govorila je o polo\u017eaju \u017eena na tr\u017ei\u0161tu rada dok je Veselinka Kastratovi\u0107 iz Udruge \u017eena oboljelih i lije\u010denih od karcinoma jajnika \"JA KA\" odr\u017eala predavanje o ostvarivanje prava \u017eene s tjelesnim o\u0161te\u0107enjem na primjeru vlastitog iskustva.<\/p>\n<p><img decoding=\"async\" width=\"300\" height=\"224\" src=\"http:\/\/https:\/\/babe.hr\/\/wp-content\/uploads\/2019\/12\/izv2-300x224.jpg\" class=\"attachment-medium size-medium\" alt=\"\" loading=\"lazy\" \/><\/p>\n<p>Ivana Su\u010di\u0107, voditeljica programa \"Pru\u017eanje egzistencijalne za\u0161tite i psihosocijalne podr\u0161ke \u017eenama \u017ertvama nasilja i njihovoj djeci na podru\u010dju Vukovarsko &ndash; srijemske \u017eupanije\" iz udruge B.a.B.e. odr\u017eala je predavanje na temu \"Problemi s kojima se suo\u010davaju \u017eene pri izlasku iz nasilja\" u kojem se osvrnula na rad Sigurne ku\u0107e Vukovarsko - srijemske \u017eupanije, psihosocijalno savjetovali\u0161te i deinstitucionalizaciju korisnica. Posebnu pa\u017enju skrenula je na problem uskla\u0111ivanja obiteljskih obveza i pla\u0107enog rada, zapo\u0161ljavanje te stambeno zbrinjavanje \u017eena \u017ertava nasilja.<\/p>","protected":false},"excerpt":{"rendered":"<p>Dana 10. prosinca 2019. godine u Osijeku smo sudjelovale na javnoj raspravi \"Prepreke ostvarivanja prava na rad\" koju je u okviru projekta \"POKRENI\" organizirala \u017denska udruga \"Izvor\" iz Tenje u partnerstvu s Udrugom gluhoslijepih osoba Grada Osijeka i Osje\u010dko-baranjske \u017eupanije i Grada Osijeka. Nakon pozdravnih rije\u010di predsjednice \u017denske udruge \"Izvor\" Mirjane Herceg i moderatorice javne [&hellip;]<\/p>\n","protected":false},"author":1,"featured_media":2236,"comment_status":"closed","ping_status":"","sticky":false,"template":"","format":"standard","meta":{"slim_seo":{"title":"Javna rasprava \"Prepreke ostvarivanja prava na rad\" u Osijeku - babe.hr","description":"Dana 10. prosinca 2019. godine u Osijeku smo sudjelovale na javnoj raspravi \"Prepreke ostvarivanja prava na rad\" koju je u okviru projekta \"POKRENI\" organiziral"},"iawp_total_views":2,"footnotes":""},"categories":[1],"tags":[],"class_list":["post-2233","post","type-post","status-publish","format-standard","has-post-thumbnail","hentry","category-novosti"],"meta_box":[],"_links":{"self":[{"href":"https:\/\/babe.hr\/en\/wp-json\/wp\/v2\/posts\/2233","targetHints":{"allow":["GET"]}}],"collection":[{"href":"https:\/\/babe.hr\/en\/wp-json\/wp\/v2\/posts"}],"about":[{"href":"https:\/\/babe.hr\/en\/wp-json\/wp\/v2\/types\/post"}],"author":[{"embeddable":true,"href":"https:\/\/babe.hr\/en\/wp-json\/wp\/v2\/users\/1"}],"replies":[{"embeddable":true,"href":"https:\/\/babe.hr\/en\/wp-json\/wp\/v2\/comments?post=2233"}],"version-history":[{"count":1,"href":"https:\/\/babe.hr\/en\/wp-json\/wp\/v2\/posts\/2233\/revisions"}],"predecessor-version":[{"id":2235,"href":"https:\/\/babe.hr\/en\/wp-json\/wp\/v2\/posts\/2233\/revisions\/2235"}],"wp:featuredmedia":[{"embeddable":true,"href":"https:\/\/babe.hr\/en\/wp-json\/wp\/v2\/media\/2236"}],"wp:attachment":[{"href":"https:\/\/babe.hr\/en\/wp-json\/wp\/v2\/media?parent=2233"}],"wp:term":[{"taxonomy":"category","embeddable":true,"href":"https:\/\/babe.hr\/en\/wp-json\/wp\/v2\/categories?post=2233"},{"taxonomy":"post_tag","embeddable":true,"href":"https:\/\/babe.hr\/en\/wp-json\/wp\/v2\/tags?post=2233"}],"curies":[{"name":"wp","href":"https:\/\/api.w.org\/{rel}","templated":true}]}}