{"id":2727,"date":"2021-10-08T11:36:10","date_gmt":"2021-10-08T09:36:10","guid":{"rendered":"https:\/\/babe.hr\/?p=2727"},"modified":"2021-10-15T15:08:00","modified_gmt":"2021-10-15T13:08:00","slug":"svjedocanstvo-zeljke-posavec-objavljujemo-prvi-argumentirani-slucaj-nasih-korisnica-koje-ukazuju-na-problematicnost-rada-poliklinike-za-zastitu-djece-i-mladih-grada-zagreba","status":"publish","type":"post","link":"https:\/\/babe.hr\/en\/svjedocanstvo-zeljke-posavec-objavljujemo-prvi-argumentirani-slucaj-nasih-korisnica-koje-ukazuju-na-problematicnost-rada-poliklinike-za-zastitu-djece-i-mladih-grada-zagreba\/","title":{"rendered":"Testimony of \u017deljka Posavac about the work of the Polyclinic for the Protection of Children and Youth of the City of Zagreb - we are publishing the first substantiated case of our beneficiaries"},"content":{"rendered":"\n<p class=\"wp-block-paragraph\">Nastavno na objavljenu seriju tekstova novinarke Jelene Jindre <strong>o radu Poliklinike za za\u0161titu djece i mladih Grada Zagreba i biv\u0161e ravnateljice Gordane Buljan Flander<\/strong>, javnu diskusiju koja je pokrenuta kao reakcija na navedene tekstove, brojne medijske objave i televizijske debate te sjednicu Saborskog odbora za ravnopravnost spolova koja je odr\u017eana 1. listopada 2021. godine, osobito imaju\u0107i u vidu da se od strane odre\u0111enih aktera u debatama propituje autenti\u010dnost i argumentiranost iznesenih svjedo\u010danstava pa \u010dak i samo postojanje bilo kakvih problema i manipulacija unutar sustava, <strong>udruga B.a.B.e. odlu\u010dila je na jednom mjestu objediniti argumentirane slu\u010dajeve svojih korisnica<\/strong>, po\u010dev\u0161i s onim gospo\u0111e \u017deljke Posavac (ranije Bori\u0107).<\/p>\n\n\n\n<p class=\"wp-block-paragraph\">Argumentirane slu\u010dajeve koje \u0107emo objavljivati jedan po jedan temelje se na izjavama te dokumentaciji kojom raspola\u017eu same korisnice te \u010dlanice pravnog tima udruge B.a.B.e.<\/p>\n\n\n\n<p class=\"wp-block-paragraph\">Radi za\u0161tite privatnosti ve\u0107ine korisnica ne iznosimo njihova puna imena, a osobito po\u0161tovanje iskazujemo gospo\u0111i \u017deljki koja je istupila imenom i prezimenom o tome kako je izgubila dvije i pol godine \u017eivota s danas punoljetnom k\u0107erkom Leonardom koja je dodijeljena ocu nasilniku temeljem vje\u0161ta\u010denja Poliklinike.<\/p>\n\n\n\n<p class=\"wp-block-paragraph\">Slijedom navedenog, ovim putem postavljamo pitanje prvenstveno stru\u010dnoj javnosti i institucijama unutar sustava, radi li se u brojnim problemati\u010dnim slu\u010dajevima povezanim s Poliklinikom za za\u0161titu djece i mladih Grada Zagreba o stru\u010dnosti, nestru\u010dnosti ili ne\u010dem tre\u0107em?<\/p>\n\n\n\n<p class=\"wp-block-paragraph\"><strong><em>Prva Laura s imenom i prezimenom<\/em><\/strong><\/p>\n\n\n\n<p class=\"wp-block-paragraph\">\u017deljka je svoje svjedo\u010danstvo ispri\u010dala i pred kamerom.<\/p>\n\n\n\n<p class=\"wp-block-paragraph\">Navodi kako joj je biv\u0161i suprug slomio kralje\u017enicu pred k\u0107erkom Leonardom te da je kao mo\u0107na osoba imao utjecaja na institucije u Sisku.<\/p>\n\n\n\n<p class=\"wp-block-paragraph\">\u017deljka je o\u010dekivala da \u0107e Poliklinika za za\u0161titu djece i mlade\u017ei grada Zagreba na \u010delu s Gordanom Buljan Flander, prepoznati potrebu da Leonarda \u017eivi s njom, a ne s ocem nasilnikom.<\/p>\n\n\n\n<p class=\"wp-block-paragraph\">U svom svjedo\u010danstvu navodi kako joj je Leonarda ispri\u010dala da ne\u0107e mo\u0107i \u017eivjeti s njom, nego \u0107e pripasti ocu jer je u Poliklinici vidjela kako tata plavokosoj \u017eeni daje plavu kuvertu.<\/p>\n\n\n\n<p class=\"wp-block-paragraph\">Tako je i bilo, ispri\u010dala je \u017deljka pred kamerom. Leonarda je nakon mi\u0161ljenja Poliklinike bila dodijeljena ocu nasilniku.<\/p>\n\n\n\n<p class=\"wp-block-paragraph\">To joj je najte\u017ee palo, ka\u017ee \u017deljka. Te\u017ee od batina i loma kralje\u017enice \u010dije posljedice i bolove osje\u0107a i danas.<\/p>\n\n\n\n<figure class=\"wp-block-embed is-type-video is-provider-youtube wp-block-embed-youtube wp-embed-aspect-16-9 wp-has-aspect-ratio\"><div class=\"wp-block-embed__wrapper\">\n<iframe loading=\"lazy\" title=\"Prva Laura s imenom i prezimenom\" width=\"500\" height=\"281\" src=\"https:\/\/www.youtube.com\/embed\/lczFzajg3B4?feature=oembed\" frameborder=\"0\" allow=\"accelerometer; autoplay; clipboard-write; encrypted-media; gyroscope; picture-in-picture; web-share\" referrerpolicy=\"strict-origin-when-cross-origin\" allowfullscreen><\/iframe>\n<\/div><\/figure>\n\n\n\n<p class=\"wp-block-paragraph\"><strong>Slu\u010daj \u017deljke Posavac (ranije Bori\u0107)<\/strong><\/p>\n\n\n\n<p class=\"wp-block-paragraph\">\u017deljka Posavac na\u0161a je dugogodi\u0161nja korisnica. Udruzi B.a.B.e. se obratila kao \u017ertva zlostavljanja od strane supruga, kao i s pritu\u017ebom na tijek i ishod parni\u010dnog postupka tijekom kojeg je njezina k\u0107i Leonarda povjerena na \u010duvanje i odgoj ocu. Odluka o povjeravanju djeteta ocu, koji je bio ugledna osoba u sredini u kojoj je obitelj \u017eivjela (tzv. lokalni mo\u0107nik) temeljila se na vje\u0161ta\u010dkom nalazu koje su izradile stru\u010dnjakinje Poliklinike za djecu Grada Zagreba, te mi\u0161ljenju Centra za socijalnu skrb u Sisku koji je zaklju\u010dio da majka ima \u201eza\u0161titni\u010dki i posesivan odnos prema djetetu\u201c i izra\u017eenu sklonost naru\u0161avanja pozitivne slike o ocu kod djeteta.<\/p>\n\n\n\n<p class=\"wp-block-paragraph\">Tako\u0111er je navedeno da je manipulativno pona\u0161anje majke rezultiralo konfliktom lojalnosti kod djeteta \u0161to se o\u010ditovalo u negativnom stavu prema ocu. Za oca je primije\u0107eno da je razrije\u0161io partnerski odnos te razdvojio partnerstvo od roditeljske uloge, ve\u0107e kapacitete za odr\u017eavanje pozitivnog odnosa majke i djeteta te sre\u0111ene stambene i materijalne uvjete.<\/p>\n\n\n\n<p class=\"wp-block-paragraph\">Mi\u0161ljenje je Poliklinike bilo da otac pokazuje adekvatnije roditeljske kompetencije, da majka ne mo\u017ee razdvojiti svoje potrebe od potreba djeteta, a na istaknuti prigovor vje\u0161taci su naveli da su uzeli u obzir i kaznenu osu\u0111ivanost oca. Kod majke je utvr\u0111eno vr\u0161enje emocionalnog pritiska na dijete. Nakon vje\u0161ta\u010denja dijete je reklo majci, \u201emama, ja \u0107u pripasti tati jer je teta pri\u010dala s tatom i pitala je li blizu \u0161kola u koju \u0107u i\u0107i\u201c te da je vidjelo da je otac plavokosoj \u017eeni dao plavu kuvertu.<\/p>\n\n\n\n<p class=\"wp-block-paragraph\">Prema preporuci Poliklinike roditeljima je odre\u0111en nadzor nad izvr\u0161avanjem roditeljske skrbi koji je provodila socijalna radnica imenovana od strane CZSS koja je tijekom provo\u0111enja nadzora, a nakon dono\u0161enja presude izvijestila da majka uop\u0107e ne vi\u0111a dijete jer joj je otac to prije\u010dio, te je&nbsp; prigodom jednog dolaska u dom oca utvrdila da otac ostavlja dijete bez nadzora &nbsp;do kasnih ve\u010dernjih sati. Jednom prilikom je nadzornica odlu\u010dila pri\u010dekati oca ispred ku\u0107e kako bi utvrdila vrijeme njegovog dolaska te utvrdila da je otac do\u0161ao ku\u0107i tek u 23.00 sata do kada je dijete bilo samo. Budu\u0107i da otac nadzornicu nije htio pustiti u ku\u0107u te se zaklju\u010dao u ku\u0107u, zatra\u017eena je intervencija policije uz \u010diju je asistenciju dijete vra\u0107eno majci te s majkom do danas \u017eivi i uspje\u0161na je u\u010denica srednje medicinske \u0161kole. U novom postupku pokrenutom na inicijativu majke, utvr\u0111eno je da su sva prethodna utvr\u0111enja nadle\u017enih stru\u010dnjaka bila pogre\u0161na te da je u najboljem interesu djeteta da \u017eivi s majkom.<\/p>\n\n\n\n<p class=\"wp-block-paragraph\">Paralelno s postupkom radi dono\u0161enja odluke o roditeljskoj skrbi vo\u0111en je i kazneni postupak protiv oca temeljem prijave koju je 3. svibnja 2007. podnijela majka uz navod da je u protekle dvije godine bila \u017ertva vi\u0161estrukog obiteljskog nasilja od strane svojeg supruga. Na temelju rezultata istrage, dr\u017eavno odvjetni\u0161tvo podiglo je optu\u017enicu protiv oca za obiteljsko nasilje temeljem \u010dlanka 215.a Kaznenog zakona. Mjerodavni dio optu\u017enice je glasio: \u201eU razdoblju od 1. sije\u010dnja 2004. godine do 26. travnja 2007. \u2026 napao je suprugu \u017d.B. nekoliko puta, rekav\u0161i joj da se \u201evrati natrag olo\u0161i na sme\u0107u iz kojeg je do\u0161la\u201d i da je bezvrijedna. Podigao je ruku [prijete\u0107i] da \u0107e je udariti, tukao je po licu i tijelu i naredio joj da ode u kut sobe. U prosincu 2004. godine primio je za glavu i lupio je o zid kupaonice, a 27. travnja 2007. godine gurnuo ju je sa stolice, zbog \u010dega je pala na tlo. Na taj je na\u010din doveo \u017d.B. u polo\u017eaj bespomo\u0107nosti i poni\u017eenja ...\u201d nakon \u0161to je otac prethodno u postupku dva puta nepravomo\u0107no osu\u0111en, Op\u0107inski sud je 16. sije\u010dnja 2013. godine obustavio postupak zbog toga \u0161to je Kaznenim zakonom iz 2011. godine ukinuto kazneno djelo nasilja u obitelji iz \u010dlanka 215.a Kaznenog zakona. Zbog navedenih zakonskih izmjena izostala je kona\u010dna osuda nasilnika \u0161to je bio povod za obra\u0107anje \u017d.B. Europskom sudu za ljudska prava. Postupak je uspje\u0161no okon\u010dan krajem 2017. god. uz zastupanje odvjetnice Ines Boji\u0107, suradnice Udruge B.a.B.e., na na\u010din da je utvr\u0111ena povreda Europske konvencije te je korisnici ispla\u0107ena od\u0161teta zbog propusta nadle\u017enih tijela da nastave i dovr\u0161e kazneni progon po\u010dinitelja nasilja.<\/p>\n\n\n\n<p class=\"wp-block-paragraph\">(<a href=\"https:\/\/uredzastupnika.gov.hr\/UserDocsImages\/dokumenti\/Presude%20i%20odluke\/Z%20B.%20prijevod%20presude.pdf\">https:\/\/uredzastupnika.gov.hr\/UserDocsImages\/\/dokumenti\/Presude%20i%20odluke\/\/Z%20B.%20prijevod%20presude.pdf<\/a>)<\/p>\n\n\n\n<p class=\"has-text-align-center wp-block-paragraph\">&nbsp;<\/p>\n","protected":false},"excerpt":{"rendered":"<p>Nastavno na objavljenu seriju tekstova novinarke Jelene Jindre o radu Poliklinike za za\u0161titu djece i mladih Grada Zagreba i biv\u0161e ravnateljice Gordane Buljan Flander, javnu diskusiju koja je pokrenuta kao reakcija na navedene tekstove, brojne medijske objave i televizijske debate te sjednicu Saborskog odbora za ravnopravnost spolova koja je odr\u017eana 1. listopada 2021. godine, osobito [&hellip;]<\/p>\n","protected":false},"author":602,"featured_media":2728,"comment_status":"closed","ping_status":"closed","sticky":false,"template":"","format":"standard","meta":{"_crdt_document":"","slim_seo":{"title":"Svjedo\u010danstvo \u017deljke Posavac o radu Poliklinike za za\u0161titu djece i mladih Grada Zagreba - objavljujemo prvi argumentirani slu\u010daj na\u0161ih korisnica - babe.hr","description":"Nastavno na objavljenu seriju tekstova novinarke Jelene Jindre o radu Poliklinike za za\u0161titu djece i mladih Grada Zagreba i biv\u0161e ravnateljice Gordane Buljan Fl"},"iawp_total_views":14,"footnotes":""},"categories":[77],"tags":[],"class_list":["post-2727","post","type-post","status-publish","format-standard","has-post-thumbnail","hentry","category-priopcenja"],"meta_box":[],"_links":{"self":[{"href":"https:\/\/babe.hr\/en\/wp-json\/wp\/v2\/posts\/2727","targetHints":{"allow":["GET"]}}],"collection":[{"href":"https:\/\/babe.hr\/en\/wp-json\/wp\/v2\/posts"}],"about":[{"href":"https:\/\/babe.hr\/en\/wp-json\/wp\/v2\/types\/post"}],"author":[{"embeddable":true,"href":"https:\/\/babe.hr\/en\/wp-json\/wp\/v2\/users\/602"}],"replies":[{"embeddable":true,"href":"https:\/\/babe.hr\/en\/wp-json\/wp\/v2\/comments?post=2727"}],"version-history":[{"count":10,"href":"https:\/\/babe.hr\/en\/wp-json\/wp\/v2\/posts\/2727\/revisions"}],"predecessor-version":[{"id":2752,"href":"https:\/\/babe.hr\/en\/wp-json\/wp\/v2\/posts\/2727\/revisions\/2752"}],"wp:featuredmedia":[{"embeddable":true,"href":"https:\/\/babe.hr\/en\/wp-json\/wp\/v2\/media\/2728"}],"wp:attachment":[{"href":"https:\/\/babe.hr\/en\/wp-json\/wp\/v2\/media?parent=2727"}],"wp:term":[{"taxonomy":"category","embeddable":true,"href":"https:\/\/babe.hr\/en\/wp-json\/wp\/v2\/categories?post=2727"},{"taxonomy":"post_tag","embeddable":true,"href":"https:\/\/babe.hr\/en\/wp-json\/wp\/v2\/tags?post=2727"}],"curies":[{"name":"wp","href":"https:\/\/api.w.org\/{rel}","templated":true}]}}