{"id":3248,"date":"2023-01-25T16:26:10","date_gmt":"2023-01-25T15:26:10","guid":{"rendered":"https:\/\/babe.hr\/?p=3248"},"modified":"2024-04-04T15:26:40","modified_gmt":"2024-04-04T13:26:40","slug":"razmjena-stecenih-znanja-i-iskustava-prostori-promjene","status":"publish","type":"post","link":"https:\/\/babe.hr\/en\/razmjena-stecenih-znanja-i-iskustava-prostori-promjene\/","title":{"rendered":"Exchange of acquired knowledge and experiences \u2013 spaces of change"},"content":{"rendered":"<p style=\"text-align: justify;\">Day <strong>January 23, 2023<\/strong> In a hybrid form, a training session was held for representatives of civil society organizations, local government and the University of Zadar, Department of Sociology under the name <strong><em>&quot;Introducing the results of research and public opinion polls and exchanging acquired knowledge and experiences&quot;<\/em><\/strong>The training took place within the framework of the project <strong><em>&quot;The impact of public policies on the quality of family and working life and on the demographic picture of Croatia - spaces of change&quot;<\/em><\/strong> which was co-financed by the European Union from the European Social Fund.<\/p>\n<p style=\"text-align: justify;\">In the first training session, Pavao Parunov, Sara \u010covi\u0107 and Valerija Barada presented the results of the survey of public opinion and the needs of parents of minor children (survey results and focus groups) entitled &quot;Family policies: for whom and when?&quot; while in the second session, Jasna Ra\u010di\u0107 and Blanka \u010cop presented the results of literature research on the reconciliation of private and business life. Anamarija Tkal\u010dec (CESI) enriched the training by presenting the results of the research conducted by the CESI association as part of their Parents@Work project, entitled &quot;Let&#039;s change the attitude! - Parents in the workplace - between harmonizing obligations and discrimination&quot;. <img loading=\"lazy\" decoding=\"async\" class=\"alignnone size-full wp-image-3249\" src=\"https:\/\/babe.hr\/wp-content\/uploads\/2023\/01\/slika-1.jpg\" alt=\"\" width=\"1086\" height=\"489\" srcset=\"https:\/\/babe.hr\/wp-content\/uploads\/2023\/01\/slika-1.jpg 1086w, https:\/\/babe.hr\/wp-content\/uploads\/2023\/01\/slika-1-300x135.jpg 300w, https:\/\/babe.hr\/wp-content\/uploads\/2023\/01\/slika-1-1024x461.jpg 1024w, https:\/\/babe.hr\/wp-content\/uploads\/2023\/01\/slika-1-768x346.jpg 768w, https:\/\/babe.hr\/wp-content\/uploads\/2023\/01\/slika-1-18x8.jpg 18w\" sizes=\"auto, (max-width: 1086px) 100vw, 1086px\" \/><\/p>\n<p style=\"text-align: justify;\">After the presentation, the training continued in the form of an exercise where participants jointly named policies and measures that could have an impact on the reconciliation of family and work life. Following this, stakeholders were identified who could be approached with the aim of changing public policies.<\/p>\n<p style=\"text-align: justify;\">Day <strong>January 24, 2023<\/strong>, was held <strong>meeting<\/strong> with the participants of the above-mentioned training and continued work on developing ideas and proposals for public policy guidelines. The focus was on promoting paternity and parental leave as a measure that not only allows men to better connect with their children but also reduces the burden on mothers. A plan for the next few months was developed, which included actions that should directly affect the level of awareness of the benefits of equal parenting and thus contribute to a better balance between family and work life.<\/p>\n<p style=\"text-align: justify;\"><img loading=\"lazy\" decoding=\"async\" class=\"alignnone size-full wp-image-3251\" src=\"https:\/\/babe.hr\/wp-content\/uploads\/2023\/01\/slika-2.jpg\" alt=\"\" width=\"1055\" height=\"791\" srcset=\"https:\/\/babe.hr\/wp-content\/uploads\/2023\/01\/slika-2.jpg 1055w, https:\/\/babe.hr\/wp-content\/uploads\/2023\/01\/slika-2-300x225.jpg 300w, https:\/\/babe.hr\/wp-content\/uploads\/2023\/01\/slika-2-1024x768.jpg 1024w, https:\/\/babe.hr\/wp-content\/uploads\/2023\/01\/slika-2-768x576.jpg 768w, https:\/\/babe.hr\/wp-content\/uploads\/2023\/01\/slika-2-16x12.jpg 16w\" sizes=\"auto, (max-width: 1055px) 100vw, 1055px\" \/><\/p>\n<p style=\"text-align: justify;\">The project leader is the BaBe association, and the project partners are: the University of Zadar, the City of Novska, Vukovar-Srijem County, the Association for Human Rights and Civic Participation PaRIter, the Association &#039;HERA&#039; Kri\u017eevci - For the Protection and Promotion of Human Rights, the Center for Civic Initiatives Pore\u010d, the Women&#039;s Association &quot;IZVOR&quot;, the Croatian Association of Business Women Krug, Domine - an organization for the promotion of women&#039;s rights, the Space for Gender and Media Culture K-Zona, and the Croatian Youth Network.<\/p>\n<p style=\"text-align: justify;\"><img loading=\"lazy\" decoding=\"async\" class=\"alignnone size-full wp-image-3252\" src=\"https:\/\/babe.hr\/wp-content\/uploads\/2023\/01\/slika-3.png\" alt=\"\" width=\"477\" height=\"154\" srcset=\"https:\/\/babe.hr\/wp-content\/uploads\/2023\/01\/slika-3.png 477w, https:\/\/babe.hr\/wp-content\/uploads\/2023\/01\/slika-3-300x97.png 300w, https:\/\/babe.hr\/wp-content\/uploads\/2023\/01\/slika-3-18x6.png 18w\" sizes=\"auto, (max-width: 477px) 100vw, 477px\" \/><\/p>","protected":false},"excerpt":{"rendered":"<p>Dana 23. sije\u010dnja 2023. godine u hibridnom je obliku odr\u017ean trening predstavnika\/ca organizacija civilnog dru\u0161tva, lokalne uprave i Sveu\u010dili\u0161ta u Zadru, Odsjeka za sociologiju pod nazivom \"Upoznavanje s rezultatima istra\u017eivanja i ispitivanja javnog mnijenja te razmjena ste\u010denih znanja i iskustava\". Trening se odr\u017eao u okviru projekta \u201eUtjecaj javnih politika na kvalitetu obiteljskog i radnog \u017eivota [&hellip;]<\/p>\n","protected":false},"author":602,"featured_media":3253,"comment_status":"closed","ping_status":"closed","sticky":false,"template":"","format":"standard","meta":{"_crdt_document":"","slim_seo":{"title":"Razmjena ste\u010denih znanja i iskustava \u2013 prostori promjene - babe.hr","description":"Dana 23. sije\u010dnja 2023. godine u hibridnom je obliku odr\u017ean trening predstavnika\/ca organizacija civilnog dru\u0161tva, lokalne uprave i Sveu\u010dili\u0161ta u Zadru, Odsjeka"},"iawp_total_views":1,"footnotes":""},"categories":[1,6],"tags":[],"class_list":["post-3248","post","type-post","status-publish","format-standard","has-post-thumbnail","hentry","category-novosti","category-projekti"],"meta_box":[],"_links":{"self":[{"href":"https:\/\/babe.hr\/en\/wp-json\/wp\/v2\/posts\/3248","targetHints":{"allow":["GET"]}}],"collection":[{"href":"https:\/\/babe.hr\/en\/wp-json\/wp\/v2\/posts"}],"about":[{"href":"https:\/\/babe.hr\/en\/wp-json\/wp\/v2\/types\/post"}],"author":[{"embeddable":true,"href":"https:\/\/babe.hr\/en\/wp-json\/wp\/v2\/users\/602"}],"replies":[{"embeddable":true,"href":"https:\/\/babe.hr\/en\/wp-json\/wp\/v2\/comments?post=3248"}],"version-history":[{"count":6,"href":"https:\/\/babe.hr\/en\/wp-json\/wp\/v2\/posts\/3248\/revisions"}],"predecessor-version":[{"id":4022,"href":"https:\/\/babe.hr\/en\/wp-json\/wp\/v2\/posts\/3248\/revisions\/4022"}],"wp:featuredmedia":[{"embeddable":true,"href":"https:\/\/babe.hr\/en\/wp-json\/wp\/v2\/media\/3253"}],"wp:attachment":[{"href":"https:\/\/babe.hr\/en\/wp-json\/wp\/v2\/media?parent=3248"}],"wp:term":[{"taxonomy":"category","embeddable":true,"href":"https:\/\/babe.hr\/en\/wp-json\/wp\/v2\/categories?post=3248"},{"taxonomy":"post_tag","embeddable":true,"href":"https:\/\/babe.hr\/en\/wp-json\/wp\/v2\/tags?post=3248"}],"curies":[{"name":"wp","href":"https:\/\/api.w.org\/{rel}","templated":true}]}}